{"id":3572,"date":"2025-04-25T11:50:23","date_gmt":"2025-04-25T09:50:23","guid":{"rendered":"https:\/\/bamberger-segelclub.de\/blog\/?p=3572"},"modified":"2025-04-25T11:50:56","modified_gmt":"2025-04-25T09:50:56","slug":"start-der-praktischen-segelausbildung-2025-ab-dem-27-april","status":"publish","type":"post","link":"https:\/\/bamberger-segelclub.de\/blog\/start-der-praktischen-segelausbildung-2025-ab-dem-27-april\/","title":{"rendered":"Start der praktischen Segelausbildung 2025 ab dem 27. April"},"content":{"rendered":"<p>Am 27. April startet <a href=\"https:\/\/bamberger-segelclub.de\/blog\/infotag-zu-den-sportboot-fuehrerscheinen-und-der-ausbildung-im-basc-am-12-april-2025\/\">unsere praktische Segelausbildung 2025 als Vorbereitung f\u00fcr die Pr\u00fcfung zum Sportbootf\u00fchrerschein Binnen Segel.<\/a> Wer noch kurzfristig dazusto\u00dfen m\u00f6chte, <a href=\"https:\/\/bamberger-segelclub.de\/blog\/impressum\/\">gerne fix anmelden bei Sten.<\/a><\/p>\n<p>Unser erster Termin ist am Sonntag, den 27.04. um 10 Uhr am Segelplatz in Sand.<br \/>\nDanach geht\u2019s am 3. &amp; 4. Mai weiter.<br \/>\nWie wir mit dem 10. &amp; 11. Mai verfahren, besprechen wir noch gemeinsam \u2013 am 10. Mai findet unser Ansegeln statt. Da seid ihr nat\u00fcrlich herzlich eingeladen, mal vorbeizuschauen!<\/p>\n<p>\u2e3b<\/p>\n<p>Zur Organisation:<br \/>\nHauptansprechpartner f\u00fcr die Ausbildung sind:<br \/>\n\u2013 Martin L\u00fcker<br \/>\n\u2013 Klaus Martus<\/p>\n<p>Die Ausbildungstermine finden ab dem 27.04. immer samstags &amp; sonntags statt \u2013 meist ab 10 Uhr. Es kann aber auch mal individuell abgestimmt werden.<\/p>\n<p>\u2e3b<\/p>\n<p>Was ihr mitbringen solltet:<\/p>\n<p>\u2022 Sportliche Kleidung<br \/>\n\u2022 Handtuch &amp; Ersatzkleidung<br \/>\n\u2022 Schuhe mit heller Sohle (wenn m\u00f6glich)<br \/>\n\u2022 Regenjacke bei schlechtem Wetter<br \/>\n\u2022 Kopfbedeckung bei Sonne<br \/>\n\u2022 Brillenband f\u00fcr Brillentr\u00e4ger \u2013 wir machen Segelausbildung, keine Tauchausbildung<\/p>\n<p>Getr\u00e4nke gibt\u2019s bei uns f\u00fcr einen kleinen Beitrag, Essen bitte selbst mitbringen.<br \/>\nUnd sonst? Einfach gute Laune &amp; Lust aufs Segeln mitbringen \u263a<\/p>\n","protected":false},"excerpt":{"rendered":"<p>Am 27. April startet unsere praktische Segelausbildung 2025 als Vorbereitung f\u00fcr die Pr\u00fcfung zum Sportbootf\u00fchrerschein Binnen Segel. Wer noch kurzfristig dazusto\u00dfen m\u00f6chte, gerne fix anmelden bei Sten. Unser erster Termin ist am Sonntag, den 27.04. um 10 Uhr am Segelplatz in Sand. Danach geht\u2019s am 3. &amp; 4. Mai weiter. Wie wir mit dem 10. &amp; 11. Mai verfahren, besprechen wir noch gemeinsam \u2013 am 10. Mai findet unser Ansegeln statt. Da seid ihr nat\u00fcrlich herzlich eingeladen, mal vorbeizuschauen! \u2e3b Zur Organisation: Hauptansprechpartner f\u00fcr die Ausbildung sind: \u2013 Martin L\u00fcker \u2013 Klaus Martus Die Ausbildungstermine finden ab dem 27.04. immer samstags &amp; sonntags  [&#8230;]<\/p>\n","protected":false},"author":1,"featured_media":3159,"comment_status":"closed","ping_status":"closed","sticky":false,"template":"","format":"standard","meta":{"footnotes":""},"categories":[18,7],"tags":[],"class_list":["post-3572","post","type-post","status-publish","format-standard","has-post-thumbnail","hentry","category-ausbildung","category-verein"],"yoast_head":"<!-- This site is optimized with the Yoast SEO plugin v26.0 - https:\/\/yoast.com\/wordpress\/plugins\/seo\/ -->\n<title>Start der praktischen Segelausbildung 2025 ab dem 27. April - Bamberger Segelclub<\/title>\n<meta name=\"robots\" content=\"index, follow, max-snippet:-1, max-image-preview:large, max-video-preview:-1\" \/>\n<link rel=\"canonical\" href=\"https:\/\/bamberger-segelclub.de\/blog\/start-der-praktischen-segelausbildung-2025-ab-dem-27-april\/\" \/>\n<meta property=\"og:locale\" content=\"de_DE\" \/>\n<meta property=\"og:type\" content=\"article\" \/>\n<meta property=\"og:title\" content=\"Start der praktischen Segelausbildung 2025 ab dem 27. April - Bamberger Segelclub\" \/>\n<meta property=\"og:description\" content=\"Am 27. April startet unsere praktische Segelausbildung 2025 als Vorbereitung f\u00fcr die Pr\u00fcfung zum Sportbootf\u00fchrerschein Binnen Segel. Wer noch kurzfristig dazusto\u00dfen m\u00f6chte, gerne fix anmelden bei Sten. Unser erster Termin ist am Sonntag, den 27.04. um 10 Uhr am Segelplatz in Sand. Danach geht\u2019s am 3. &amp; 4. Mai weiter. Wie wir mit dem 10. &amp; 11. Mai verfahren, besprechen wir noch gemeinsam \u2013 am 10. Mai findet unser Ansegeln statt. Da seid ihr nat\u00fcrlich herzlich eingeladen, mal vorbeizuschauen! \u2e3b Zur Organisation: Hauptansprechpartner f\u00fcr die Ausbildung sind: \u2013 Martin L\u00fcker \u2013 Klaus Martus Die Ausbildungstermine finden ab dem 27.04. immer samstags &amp; sonntags [...]\" \/>\n<meta property=\"og:url\" content=\"https:\/\/bamberger-segelclub.de\/blog\/start-der-praktischen-segelausbildung-2025-ab-dem-27-april\/\" \/>\n<meta property=\"og:site_name\" content=\"Bamberger Segelclub\" \/>\n<meta property=\"article:published_time\" content=\"2025-04-25T09:50:23+00:00\" \/>\n<meta property=\"article:modified_time\" content=\"2025-04-25T09:50:56+00:00\" \/>\n<meta property=\"og:image\" content=\"https:\/\/www.bamberger-segelclub.de\/blog\/wp-content\/uploads\/2024\/10\/IMG_0289.jpg\" \/>\n\t<meta property=\"og:image:width\" content=\"1250\" \/>\n\t<meta property=\"og:image:height\" content=\"938\" \/>\n\t<meta property=\"og:image:type\" content=\"image\/jpeg\" \/>\n<meta name=\"author\" content=\"admin\" \/>\n<meta name=\"twitter:card\" content=\"summary_large_image\" \/>\n<meta name=\"twitter:label1\" content=\"Verfasst von\" \/>\n\t<meta name=\"twitter:data1\" content=\"admin\" \/>\n\t<meta name=\"twitter:label2\" content=\"Gesch\u00e4tzte Lesezeit\" \/>\n\t<meta name=\"twitter:data2\" content=\"2\u00a0Minuten\" \/>\n<script type=\"application\/ld+json\" class=\"yoast-schema-graph\">{\"@context\":\"https:\/\/schema.org\",\"@graph\":[{\"@type\":\"WebPage\",\"@id\":\"https:\/\/bamberger-segelclub.de\/blog\/start-der-praktischen-segelausbildung-2025-ab-dem-27-april\/\",\"url\":\"https:\/\/bamberger-segelclub.de\/blog\/start-der-praktischen-segelausbildung-2025-ab-dem-27-april\/\",\"name\":\"Start der praktischen Segelausbildung 2025 ab dem 27. April - Bamberger Segelclub\",\"isPartOf\":{\"@id\":\"https:\/\/bamberger-segelclub.de\/blog\/#website\"},\"primaryImageOfPage\":{\"@id\":\"https:\/\/bamberger-segelclub.de\/blog\/start-der-praktischen-segelausbildung-2025-ab-dem-27-april\/#primaryimage\"},\"image\":{\"@id\":\"https:\/\/bamberger-segelclub.de\/blog\/start-der-praktischen-segelausbildung-2025-ab-dem-27-april\/#primaryimage\"},\"thumbnailUrl\":\"https:\/\/www.bamberger-segelclub.de\/blog\/wp-content\/uploads\/2024\/10\/IMG_0289.jpg\",\"datePublished\":\"2025-04-25T09:50:23+00:00\",\"dateModified\":\"2025-04-25T09:50:56+00:00\",\"author\":{\"@id\":\"https:\/\/bamberger-segelclub.de\/blog\/#\/schema\/person\/6b6033601c747b2c39a2e61c254528cb\"},\"breadcrumb\":{\"@id\":\"https:\/\/bamberger-segelclub.de\/blog\/start-der-praktischen-segelausbildung-2025-ab-dem-27-april\/#breadcrumb\"},\"inLanguage\":\"de\",\"potentialAction\":[{\"@type\":\"ReadAction\",\"target\":[\"https:\/\/bamberger-segelclub.de\/blog\/start-der-praktischen-segelausbildung-2025-ab-dem-27-april\/\"]}]},{\"@type\":\"ImageObject\",\"inLanguage\":\"de\",\"@id\":\"https:\/\/bamberger-segelclub.de\/blog\/start-der-praktischen-segelausbildung-2025-ab-dem-27-april\/#primaryimage\",\"url\":\"https:\/\/www.bamberger-segelclub.de\/blog\/wp-content\/uploads\/2024\/10\/IMG_0289.jpg\",\"contentUrl\":\"https:\/\/www.bamberger-segelclub.de\/blog\/wp-content\/uploads\/2024\/10\/IMG_0289.jpg\",\"width\":1250,\"height\":938},{\"@type\":\"BreadcrumbList\",\"@id\":\"https:\/\/bamberger-segelclub.de\/blog\/start-der-praktischen-segelausbildung-2025-ab-dem-27-april\/#breadcrumb\",\"itemListElement\":[{\"@type\":\"ListItem\",\"position\":1,\"name\":\"Home\",\"item\":\"https:\/\/bamberger-segelclub.de\/blog\/\"},{\"@type\":\"ListItem\",\"position\":2,\"name\":\"Start der praktischen Segelausbildung 2025 ab dem 27. April\"}]},{\"@type\":\"WebSite\",\"@id\":\"https:\/\/bamberger-segelclub.de\/blog\/#website\",\"url\":\"https:\/\/bamberger-segelclub.de\/blog\/\",\"name\":\"Bamberger Segelclub\",\"description\":\"Segeln und mehr!\",\"potentialAction\":[{\"@type\":\"SearchAction\",\"target\":{\"@type\":\"EntryPoint\",\"urlTemplate\":\"https:\/\/bamberger-segelclub.de\/blog\/?s={search_term_string}\"},\"query-input\":{\"@type\":\"PropertyValueSpecification\",\"valueRequired\":true,\"valueName\":\"search_term_string\"}}],\"inLanguage\":\"de\"},{\"@type\":\"Person\",\"@id\":\"https:\/\/bamberger-segelclub.de\/blog\/#\/schema\/person\/6b6033601c747b2c39a2e61c254528cb\",\"name\":\"admin\",\"image\":{\"@type\":\"ImageObject\",\"inLanguage\":\"de\",\"@id\":\"https:\/\/bamberger-segelclub.de\/blog\/#\/schema\/person\/image\/\",\"url\":\"https:\/\/secure.gravatar.com\/avatar\/d150f022f80019e93586c98df1759d93bddf8915691201566175f00e4486fa8f?s=96&d=mm&r=g\",\"contentUrl\":\"https:\/\/secure.gravatar.com\/avatar\/d150f022f80019e93586c98df1759d93bddf8915691201566175f00e4486fa8f?s=96&d=mm&r=g\",\"caption\":\"admin\"},\"url\":\"https:\/\/bamberger-segelclub.de\/blog\/author\/basc-admin\/\"}]}<\/script>\n<!-- \/ Yoast SEO plugin. -->","yoast_head_json":{"title":"Start der praktischen Segelausbildung 2025 ab dem 27. April - Bamberger Segelclub","robots":{"index":"index","follow":"follow","max-snippet":"max-snippet:-1","max-image-preview":"max-image-preview:large","max-video-preview":"max-video-preview:-1"},"canonical":"https:\/\/bamberger-segelclub.de\/blog\/start-der-praktischen-segelausbildung-2025-ab-dem-27-april\/","og_locale":"de_DE","og_type":"article","og_title":"Start der praktischen Segelausbildung 2025 ab dem 27. April - Bamberger Segelclub","og_description":"Am 27. April startet unsere praktische Segelausbildung 2025 als Vorbereitung f\u00fcr die Pr\u00fcfung zum Sportbootf\u00fchrerschein Binnen Segel. Wer noch kurzfristig dazusto\u00dfen m\u00f6chte, gerne fix anmelden bei Sten. Unser erster Termin ist am Sonntag, den 27.04. um 10 Uhr am Segelplatz in Sand. Danach geht\u2019s am 3. &amp; 4. Mai weiter. Wie wir mit dem 10. &amp; 11. Mai verfahren, besprechen wir noch gemeinsam \u2013 am 10. Mai findet unser Ansegeln statt. Da seid ihr nat\u00fcrlich herzlich eingeladen, mal vorbeizuschauen! \u2e3b Zur Organisation: Hauptansprechpartner f\u00fcr die Ausbildung sind: \u2013 Martin L\u00fcker \u2013 Klaus Martus Die Ausbildungstermine finden ab dem 27.04. immer samstags &amp; sonntags [...]","og_url":"https:\/\/bamberger-segelclub.de\/blog\/start-der-praktischen-segelausbildung-2025-ab-dem-27-april\/","og_site_name":"Bamberger Segelclub","article_published_time":"2025-04-25T09:50:23+00:00","article_modified_time":"2025-04-25T09:50:56+00:00","og_image":[{"width":1250,"height":938,"url":"https:\/\/www.bamberger-segelclub.de\/blog\/wp-content\/uploads\/2024\/10\/IMG_0289.jpg","type":"image\/jpeg"}],"author":"admin","twitter_card":"summary_large_image","twitter_misc":{"Verfasst von":"admin","Gesch\u00e4tzte Lesezeit":"2\u00a0Minuten"},"schema":{"@context":"https:\/\/schema.org","@graph":[{"@type":"WebPage","@id":"https:\/\/bamberger-segelclub.de\/blog\/start-der-praktischen-segelausbildung-2025-ab-dem-27-april\/","url":"https:\/\/bamberger-segelclub.de\/blog\/start-der-praktischen-segelausbildung-2025-ab-dem-27-april\/","name":"Start der praktischen Segelausbildung 2025 ab dem 27. April - Bamberger Segelclub","isPartOf":{"@id":"https:\/\/bamberger-segelclub.de\/blog\/#website"},"primaryImageOfPage":{"@id":"https:\/\/bamberger-segelclub.de\/blog\/start-der-praktischen-segelausbildung-2025-ab-dem-27-april\/#primaryimage"},"image":{"@id":"https:\/\/bamberger-segelclub.de\/blog\/start-der-praktischen-segelausbildung-2025-ab-dem-27-april\/#primaryimage"},"thumbnailUrl":"https:\/\/www.bamberger-segelclub.de\/blog\/wp-content\/uploads\/2024\/10\/IMG_0289.jpg","datePublished":"2025-04-25T09:50:23+00:00","dateModified":"2025-04-25T09:50:56+00:00","author":{"@id":"https:\/\/bamberger-segelclub.de\/blog\/#\/schema\/person\/6b6033601c747b2c39a2e61c254528cb"},"breadcrumb":{"@id":"https:\/\/bamberger-segelclub.de\/blog\/start-der-praktischen-segelausbildung-2025-ab-dem-27-april\/#breadcrumb"},"inLanguage":"de","potentialAction":[{"@type":"ReadAction","target":["https:\/\/bamberger-segelclub.de\/blog\/start-der-praktischen-segelausbildung-2025-ab-dem-27-april\/"]}]},{"@type":"ImageObject","inLanguage":"de","@id":"https:\/\/bamberger-segelclub.de\/blog\/start-der-praktischen-segelausbildung-2025-ab-dem-27-april\/#primaryimage","url":"https:\/\/www.bamberger-segelclub.de\/blog\/wp-content\/uploads\/2024\/10\/IMG_0289.jpg","contentUrl":"https:\/\/www.bamberger-segelclub.de\/blog\/wp-content\/uploads\/2024\/10\/IMG_0289.jpg","width":1250,"height":938},{"@type":"BreadcrumbList","@id":"https:\/\/bamberger-segelclub.de\/blog\/start-der-praktischen-segelausbildung-2025-ab-dem-27-april\/#breadcrumb","itemListElement":[{"@type":"ListItem","position":1,"name":"Home","item":"https:\/\/bamberger-segelclub.de\/blog\/"},{"@type":"ListItem","position":2,"name":"Start der praktischen Segelausbildung 2025 ab dem 27. April"}]},{"@type":"WebSite","@id":"https:\/\/bamberger-segelclub.de\/blog\/#website","url":"https:\/\/bamberger-segelclub.de\/blog\/","name":"Bamberger Segelclub","description":"Segeln und mehr!","potentialAction":[{"@type":"SearchAction","target":{"@type":"EntryPoint","urlTemplate":"https:\/\/bamberger-segelclub.de\/blog\/?s={search_term_string}"},"query-input":{"@type":"PropertyValueSpecification","valueRequired":true,"valueName":"search_term_string"}}],"inLanguage":"de"},{"@type":"Person","@id":"https:\/\/bamberger-segelclub.de\/blog\/#\/schema\/person\/6b6033601c747b2c39a2e61c254528cb","name":"admin","image":{"@type":"ImageObject","inLanguage":"de","@id":"https:\/\/bamberger-segelclub.de\/blog\/#\/schema\/person\/image\/","url":"https:\/\/secure.gravatar.com\/avatar\/d150f022f80019e93586c98df1759d93bddf8915691201566175f00e4486fa8f?s=96&d=mm&r=g","contentUrl":"https:\/\/secure.gravatar.com\/avatar\/d150f022f80019e93586c98df1759d93bddf8915691201566175f00e4486fa8f?s=96&d=mm&r=g","caption":"admin"},"url":"https:\/\/bamberger-segelclub.de\/blog\/author\/basc-admin\/"}]}},"_links":{"self":[{"href":"https:\/\/bamberger-segelclub.de\/blog\/wp-json\/wp\/v2\/posts\/3572","targetHints":{"allow":["GET"]}}],"collection":[{"href":"https:\/\/bamberger-segelclub.de\/blog\/wp-json\/wp\/v2\/posts"}],"about":[{"href":"https:\/\/bamberger-segelclub.de\/blog\/wp-json\/wp\/v2\/types\/post"}],"author":[{"embeddable":true,"href":"https:\/\/bamberger-segelclub.de\/blog\/wp-json\/wp\/v2\/users\/1"}],"replies":[{"embeddable":true,"href":"https:\/\/bamberger-segelclub.de\/blog\/wp-json\/wp\/v2\/comments?post=3572"}],"version-history":[{"count":1,"href":"https:\/\/bamberger-segelclub.de\/blog\/wp-json\/wp\/v2\/posts\/3572\/revisions"}],"predecessor-version":[{"id":3573,"href":"https:\/\/bamberger-segelclub.de\/blog\/wp-json\/wp\/v2\/posts\/3572\/revisions\/3573"}],"wp:featuredmedia":[{"embeddable":true,"href":"https:\/\/bamberger-segelclub.de\/blog\/wp-json\/wp\/v2\/media\/3159"}],"wp:attachment":[{"href":"https:\/\/bamberger-segelclub.de\/blog\/wp-json\/wp\/v2\/media?parent=3572"}],"wp:term":[{"taxonomy":"category","embeddable":true,"href":"https:\/\/bamberger-segelclub.de\/blog\/wp-json\/wp\/v2\/categories?post=3572"},{"taxonomy":"post_tag","embeddable":true,"href":"https:\/\/bamberger-segelclub.de\/blog\/wp-json\/wp\/v2\/tags?post=3572"}],"curies":[{"name":"wp","href":"https:\/\/api.w.org\/{rel}","templated":true}]}}